{"id":105,"date":"2023-03-09T14:32:26","date_gmt":"2023-03-09T13:32:26","guid":{"rendered":"https:\/\/lecliccommunicatif.fr\/?p=105"},"modified":"2025-04-26T14:29:04","modified_gmt":"2025-04-26T12:29:04","slug":"powerpoint","status":"publish","type":"post","link":"https:\/\/lecliccommunicatif.fr\/index.php\/2023\/03\/09\/powerpoint\/","title":{"rendered":"Powerpoint"},"content":{"rendered":"<p>Nous sommes sp\u00e9cialis\u00e9s dans les formations powerpoint. Notre formatrice justifiant de plus de 15 ans d&#8217;exp\u00e9rience dans la communication institutionnelle, en suivant une de nos formations, vous \u00eates certain(e) de pouvoir cr\u00e9er des pr\u00e9sentations \u00e0 la fois technique et design.<\/p>\n<h1 style=\"color: #041689; text-align: center;\"><strong><img loading=\"lazy\" decoding=\"async\" class=\"alignleft wp-image-477\" src=\"https:\/\/lecliccommunicatif.fr\/wp-content\/uploads\/2023\/03\/Image4-1-e1695736976988-150x150.png\" alt=\"\" width=\"75\" height=\"71\" \/><\/strong><\/h1>\n<h1><\/h1>\n<h1 style=\"color: #041689; text-align: center;\"><strong>Cr\u00e9er une pr\u00e9sentation <\/strong><strong>Powerpoint efficace<img loading=\"lazy\" decoding=\"async\" class=\"wp-image-529 size-large alignright\" src=\"https:\/\/lecliccommunicatif.fr\/wp-content\/uploads\/2023\/03\/05-336x1024.jpg\" alt=\"\" width=\"336\" height=\"1024\" srcset=\"https:\/\/lecliccommunicatif.fr\/wp-content\/uploads\/2023\/03\/05-336x1024.jpg 336w, https:\/\/lecliccommunicatif.fr\/wp-content\/uploads\/2023\/03\/05-98x300.jpg 98w, https:\/\/lecliccommunicatif.fr\/wp-content\/uploads\/2023\/03\/05-768x2341.jpg 768w, https:\/\/lecliccommunicatif.fr\/wp-content\/uploads\/2023\/03\/05-504x1536.jpg 504w, https:\/\/lecliccommunicatif.fr\/wp-content\/uploads\/2023\/03\/05-672x2048.jpg 672w, https:\/\/lecliccommunicatif.fr\/wp-content\/uploads\/2023\/03\/05-600x1829.jpg 600w, https:\/\/lecliccommunicatif.fr\/wp-content\/uploads\/2023\/03\/05-scaled.jpg 840w\" sizes=\"auto, (max-width: 336px) 100vw, 336px\" \/><\/strong><\/h1>\n<h4 style=\"color: #579cff; text-align: left;\">Objectif de la formation :<\/h4>\n<p>Apprendre et ma\u00eetriser les bases du logiciel Powerpoint.<\/p>\n<p>&nbsp;<\/p>\n<h4 style=\"color: #579cff; text-align: left;\">Objectifs p\u00e9dagogiques\u00a0:<\/h4>\n<ul>\n<li>S\u2019approprier l\u2019interface<\/li>\n<li>D\u00e9finir et organiser les contenus<\/li>\n<li>Construire le sc\u00e9nario<\/li>\n<li>Ins\u00e9rer des m\u00e9dias ( images, sons, vid\u00e9os)<\/li>\n<li>Cr\u00e9er un design coh\u00e9rent pour l\u2019ensemble des diapositives<\/li>\n<li>Imprimer un document powerpoint<\/li>\n<li>Gagner en efficacit\u00e9<\/li>\n<li>Animer son diaporama<\/li>\n<li>Exporter et exploiter son fichier Powerpoint<\/li>\n<li>Collaborer \u00e0 plusieurs sur un document<\/li>\n<\/ul>\n<h4 style=\"color: #579cff; text-align: left;\">Profil de l\u2019intervenant\u00a0:<\/h4>\n<p>L\u2019intervenante justifie de 15 ans d\u2019exp\u00e9rience en tant que Responsable Communication et de 4 ans en tant que Formatrice Multim\u00e9dia. Son objectif est de vous faire gagner du temps gr\u00e2ce \u00e0 une utilisation optimale des logiciels informatiques.<\/p>\n<h4 style=\"color: #579cff; text-align: left;\">M\u00e9thodes p\u00e9dagogiques\u00a0:<\/h4>\n<ul>\n<li>Approche th\u00e9orique compl\u00e9t\u00e9e par des exercices et des cas concrets amen\u00e9s par la formatrice ou rencontr\u00e9s par les stagiaires<\/li>\n<li>Livret remis aux stagiaires<\/li>\n<li>Fichiers exemples et exercices remis aux stagiaires sur cl\u00e9 USB<\/li>\n<\/ul>\n<h4 style=\"color: #579cff; text-align: left;\">Evaluation globale de la formation par nos stagiaires : cette formation n&#8217;a pas re\u00e7u d&#8217;\u00e9valuation<\/h4>\n<h4 style=\"color: #579cff; text-align: left;\"><strong>Programme :<\/strong><\/h4>\n<table style=\"height: 67px;\" width=\"737\">\n<tbody>\n<tr>\n<td width=\"302\">\n<p style=\"color: #041689;\"><strong>I\/ Pr\u00e9sentation du logiciel<\/strong><\/p>\n<ul>\n<li>Qu\u2019est-ce que PowerPoint\u00a0?<\/li>\n<li>Que peut-on faire avec\u00a0?<\/li>\n<li>La notion de diapositive<\/li>\n<\/ul>\n<p style=\"color: #041689;\"><strong>II\/ Pr\u00e9sentation de l\u2019interface<\/strong><\/p>\n<ul>\n<li>Passer du mode normal au mode pr\u00e9sentation<\/li>\n<li>Pr\u00e9sentation du mode normal<\/li>\n<li>Pr\u00e9sentation du mode trieuse de diapositives<\/li>\n<\/ul>\n<p style=\"color: #041689;\"><strong>III\/ Avant de d\u00e9marrer<\/strong><\/p>\n<ul>\n<li>D\u00e9finir les \u00e9l\u00e9ments pouvant influencer le fond et la forme du PowerPoint<\/li>\n<li>La taille des diapositives<\/li>\n<li>Les bonnes pratiques<\/li>\n<\/ul>\n<p style=\"color: #041689;\"><strong>IV\/ La d\u00e9finition des contenus<\/strong><\/p>\n<p style=\"color: #041689;\"><strong>V\/ Le sc\u00e9nario<\/strong><\/p>\n<p style=\"color: #041689;\"><strong>VI\/ Ins\u00e9rer des m\u00e9dias dans PowerPoint<\/strong><\/p>\n<ul>\n<li>Les textes<\/li>\n<li>Les images<\/li>\n<li>Les formes<\/li>\n<li>Les liens<\/li>\n<li>Les vid\u00e9os<\/li>\n<li>Les sons<\/li>\n<li>Les tableaux<\/li>\n<li>Les graphiques<\/li>\n<li>La superposition, l\u2019alignement des objets<\/li>\n<\/ul>\n<\/td>\n<td width=\"302\">\n<p style=\"color: #041689;\"><strong>VII\/ Cr\u00e9er un design coh\u00e9rent<\/strong><\/p>\n<p style=\"color: #041689;\"><strong>VIII\/Gagner du temps\u00a0:<\/strong><\/p>\n<ul>\n<li>Les sections<\/li>\n<li>Les masques<\/li>\n<li>Les th\u00e8mes et jeux de couleurs<\/li>\n<li>Le mode plan<\/li>\n<li>La fonction \u00ab\u00a0rechercher\u00a0\u00bb<\/li>\n<li>Un album photo en 2 clics<\/li>\n<\/ul>\n<p style=\"color: #041689;\"><strong>IX\/ Imprimer son diaporama<\/strong><\/p>\n<p style=\"color: #041689;\"><strong>X\/ Les notes<\/strong><\/p>\n<p style=\"color: #041689;\"><strong>XI\/ Les commentaires<\/strong><\/p>\n<p style=\"color: #041689;\"><strong>XII\/ L\u2019outil Smart art<\/strong><\/p>\n<p style=\"color: #041689;\"><strong>XIII\/ Le concepteur Office 365<\/strong><\/p>\n<p style=\"color: #041689;\"><strong>XIV\/ Animer son PowerPoint<\/strong><\/p>\n<ul>\n<li>Transitions<\/li>\n<li>Animations<\/li>\n<\/ul>\n<p style=\"color: #041689;\"><strong>XV\/ Exporter et exploiter son PowerPoint<\/strong><\/p>\n<p style=\"color: #041689;\"><strong>XVI\/ Quelques astuces pour la diffusion du diaporama<\/strong><\/p>\n<p>&nbsp;<\/p>\n<p><a href=\"https:\/\/lecliccommunicatif.fr\/wp-content\/uploads\/2025\/04\/b005_ficheproduitppt_v2.pdf\" target=\"_blank\" rel=\"noopener\"><img loading=\"lazy\" decoding=\"async\" class=\"aligncenter wp-image-201 size-full\" src=\"https:\/\/lecliccommunicatif.fr\/wp-content\/uploads\/2023\/03\/bouton_telecharger.jpg\" alt=\"\" width=\"200\" height=\"48\" \/><\/a><\/td>\n<\/tr>\n<\/tbody>\n<\/table>\n<p>&nbsp;<\/p>\n<p>&nbsp;<\/p>\n<p>&nbsp;<\/p>\n<p>&nbsp;<\/p>\n","protected":false},"excerpt":{"rendered":"<p>Nous sommes sp\u00e9cialis\u00e9s dans les formations powerpoint. Notre formatrice justifiant de plus de 15 ans d&#8217;exp\u00e9rience dans la communication institutionnelle, en suivant une de nos formations, vous \u00eates certain(e) de pouvoir cr\u00e9er des pr\u00e9sentations \u00e0 la fois technique et design. Cr\u00e9er une pr\u00e9sentation Powerpoint efficace Objectif de la formation : Apprendre et ma\u00eetriser les bases&hellip;&nbsp;<a href=\"https:\/\/lecliccommunicatif.fr\/index.php\/2023\/03\/09\/powerpoint\/\" class=\"\" rel=\"bookmark\">Lire la suite &raquo;<span class=\"screen-reader-text\">Powerpoint<\/span><\/a><\/p>\n","protected":false},"author":1,"featured_media":251,"comment_status":"open","ping_status":"open","sticky":false,"template":"","format":"standard","meta":{"neve_meta_sidebar":"","neve_meta_container":"","neve_meta_enable_content_width":"off","neve_meta_content_width":70,"neve_meta_title_alignment":"","neve_meta_author_avatar":"","neve_post_elements_order":"","neve_meta_disable_header":"","neve_meta_disable_footer":"","neve_meta_disable_title":"","footnotes":""},"categories":[4],"tags":[],"class_list":["post-105","post","type-post","status-publish","format-standard","has-post-thumbnail","hentry","category-formations-bureautiques"],"yoast_head":"<!-- This site is optimized with the Yoast SEO plugin v21.2 - https:\/\/yoast.com\/wordpress\/plugins\/seo\/ -->\n<title>Powerpoint - Le Clic Communicatif<\/title>\n<meta name=\"description\" content=\"Nous sommes sp\u00e9cialis\u00e9s dans les formations powerpoint. A l&#039;issue de la formation, vous serez capable de cr\u00e9er des pr\u00e9sentations \u00e0 la fois technique et design.\" \/>\n<meta name=\"robots\" content=\"index, follow, max-snippet:-1, max-image-preview:large, max-video-preview:-1\" \/>\n<link rel=\"canonical\" href=\"https:\/\/lecliccommunicatif.fr\/index.php\/2023\/03\/09\/powerpoint\/\" \/>\n<meta property=\"og:locale\" content=\"fr_FR\" \/>\n<meta property=\"og:type\" content=\"article\" \/>\n<meta property=\"og:title\" content=\"Powerpoint - Le Clic Communicatif\" \/>\n<meta property=\"og:description\" content=\"Nous sommes sp\u00e9cialis\u00e9s dans les formations powerpoint. A l&#039;issue de la formation, vous serez capable de cr\u00e9er des pr\u00e9sentations \u00e0 la fois technique et design.\" \/>\n<meta property=\"og:url\" content=\"https:\/\/lecliccommunicatif.fr\/index.php\/2023\/03\/09\/powerpoint\/\" \/>\n<meta property=\"og:site_name\" content=\"Le Clic Communicatif\" \/>\n<meta property=\"article:publisher\" content=\"https:\/\/www.facebook.com\/LeClicCommunicatif\" \/>\n<meta property=\"article:published_time\" content=\"2023-03-09T13:32:26+00:00\" \/>\n<meta property=\"article:modified_time\" content=\"2025-04-26T12:29:04+00:00\" \/>\n<meta property=\"og:image\" content=\"https:\/\/lecliccommunicatif.fr\/wp-content\/uploads\/2023\/03\/8-1.jpg\" \/>\n\t<meta property=\"og:image:width\" content=\"1500\" \/>\n\t<meta property=\"og:image:height\" content=\"500\" \/>\n\t<meta property=\"og:image:type\" content=\"image\/jpeg\" \/>\n<meta name=\"author\" content=\"Sandrine\" \/>\n<meta name=\"twitter:card\" content=\"summary_large_image\" \/>\n<meta name=\"twitter:label1\" content=\"\u00c9crit par\" \/>\n\t<meta name=\"twitter:data1\" content=\"Sandrine\" \/>\n\t<meta name=\"twitter:label2\" content=\"Dur\u00e9e de lecture estim\u00e9e\" \/>\n\t<meta name=\"twitter:data2\" content=\"3 minutes\" \/>\n<script type=\"application\/ld+json\" class=\"yoast-schema-graph\">{\"@context\":\"https:\/\/schema.org\",\"@graph\":[{\"@type\":\"WebPage\",\"@id\":\"https:\/\/lecliccommunicatif.fr\/index.php\/2023\/03\/09\/powerpoint\/\",\"url\":\"https:\/\/lecliccommunicatif.fr\/index.php\/2023\/03\/09\/powerpoint\/\",\"name\":\"Powerpoint - Le Clic Communicatif\",\"isPartOf\":{\"@id\":\"https:\/\/lecliccommunicatif.fr\/#website\"},\"datePublished\":\"2023-03-09T13:32:26+00:00\",\"dateModified\":\"2025-04-26T12:29:04+00:00\",\"author\":{\"@id\":\"https:\/\/lecliccommunicatif.fr\/#\/schema\/person\/59957f7fcfb1572c9e1ab95fd13f7a13\"},\"description\":\"Nous sommes sp\u00e9cialis\u00e9s dans les formations powerpoint. A l'issue de la formation, vous serez capable de cr\u00e9er des pr\u00e9sentations \u00e0 la fois technique et design.\",\"breadcrumb\":{\"@id\":\"https:\/\/lecliccommunicatif.fr\/index.php\/2023\/03\/09\/powerpoint\/#breadcrumb\"},\"inLanguage\":\"fr-FR\",\"potentialAction\":[{\"@type\":\"ReadAction\",\"target\":[\"https:\/\/lecliccommunicatif.fr\/index.php\/2023\/03\/09\/powerpoint\/\"]}]},{\"@type\":\"BreadcrumbList\",\"@id\":\"https:\/\/lecliccommunicatif.fr\/index.php\/2023\/03\/09\/powerpoint\/#breadcrumb\",\"itemListElement\":[{\"@type\":\"ListItem\",\"position\":1,\"name\":\"Accueil\",\"item\":\"https:\/\/lecliccommunicatif.fr\/\"},{\"@type\":\"ListItem\",\"position\":2,\"name\":\"Powerpoint\"}]},{\"@type\":\"WebSite\",\"@id\":\"https:\/\/lecliccommunicatif.fr\/#website\",\"url\":\"https:\/\/lecliccommunicatif.fr\/\",\"name\":\"Le Clic Communicatif\",\"description\":\"Formations informatiques et bureautiques\",\"potentialAction\":[{\"@type\":\"SearchAction\",\"target\":{\"@type\":\"EntryPoint\",\"urlTemplate\":\"https:\/\/lecliccommunicatif.fr\/?s={search_term_string}\"},\"query-input\":\"required name=search_term_string\"}],\"inLanguage\":\"fr-FR\"},{\"@type\":\"Person\",\"@id\":\"https:\/\/lecliccommunicatif.fr\/#\/schema\/person\/59957f7fcfb1572c9e1ab95fd13f7a13\",\"name\":\"Sandrine\",\"image\":{\"@type\":\"ImageObject\",\"inLanguage\":\"fr-FR\",\"@id\":\"https:\/\/lecliccommunicatif.fr\/#\/schema\/person\/image\/\",\"url\":\"https:\/\/secure.gravatar.com\/avatar\/10ed1ef87cb11f697382e31848823c39fc3efeafaedba8284bfee40101d4b025?s=96&d=mm&r=g\",\"contentUrl\":\"https:\/\/secure.gravatar.com\/avatar\/10ed1ef87cb11f697382e31848823c39fc3efeafaedba8284bfee40101d4b025?s=96&d=mm&r=g\",\"caption\":\"Sandrine\"},\"sameAs\":[\"http:\/\/lecliccommunicatif.fr\"],\"url\":\"https:\/\/lecliccommunicatif.fr\/index.php\/author\/sandrine\/\"}]}<\/script>\n<!-- \/ Yoast SEO plugin. -->","yoast_head_json":{"title":"Powerpoint - Le Clic Communicatif","description":"Nous sommes sp\u00e9cialis\u00e9s dans les formations powerpoint. A l'issue de la formation, vous serez capable de cr\u00e9er des pr\u00e9sentations \u00e0 la fois technique et design.","robots":{"index":"index","follow":"follow","max-snippet":"max-snippet:-1","max-image-preview":"max-image-preview:large","max-video-preview":"max-video-preview:-1"},"canonical":"https:\/\/lecliccommunicatif.fr\/index.php\/2023\/03\/09\/powerpoint\/","og_locale":"fr_FR","og_type":"article","og_title":"Powerpoint - Le Clic Communicatif","og_description":"Nous sommes sp\u00e9cialis\u00e9s dans les formations powerpoint. A l'issue de la formation, vous serez capable de cr\u00e9er des pr\u00e9sentations \u00e0 la fois technique et design.","og_url":"https:\/\/lecliccommunicatif.fr\/index.php\/2023\/03\/09\/powerpoint\/","og_site_name":"Le Clic Communicatif","article_publisher":"https:\/\/www.facebook.com\/LeClicCommunicatif","article_published_time":"2023-03-09T13:32:26+00:00","article_modified_time":"2025-04-26T12:29:04+00:00","og_image":[{"width":1500,"height":500,"url":"https:\/\/lecliccommunicatif.fr\/wp-content\/uploads\/2023\/03\/8-1.jpg","type":"image\/jpeg"}],"author":"Sandrine","twitter_card":"summary_large_image","twitter_misc":{"\u00c9crit par":"Sandrine","Dur\u00e9e de lecture estim\u00e9e":"3 minutes"},"schema":{"@context":"https:\/\/schema.org","@graph":[{"@type":"WebPage","@id":"https:\/\/lecliccommunicatif.fr\/index.php\/2023\/03\/09\/powerpoint\/","url":"https:\/\/lecliccommunicatif.fr\/index.php\/2023\/03\/09\/powerpoint\/","name":"Powerpoint - Le Clic Communicatif","isPartOf":{"@id":"https:\/\/lecliccommunicatif.fr\/#website"},"datePublished":"2023-03-09T13:32:26+00:00","dateModified":"2025-04-26T12:29:04+00:00","author":{"@id":"https:\/\/lecliccommunicatif.fr\/#\/schema\/person\/59957f7fcfb1572c9e1ab95fd13f7a13"},"description":"Nous sommes sp\u00e9cialis\u00e9s dans les formations powerpoint. A l'issue de la formation, vous serez capable de cr\u00e9er des pr\u00e9sentations \u00e0 la fois technique et design.","breadcrumb":{"@id":"https:\/\/lecliccommunicatif.fr\/index.php\/2023\/03\/09\/powerpoint\/#breadcrumb"},"inLanguage":"fr-FR","potentialAction":[{"@type":"ReadAction","target":["https:\/\/lecliccommunicatif.fr\/index.php\/2023\/03\/09\/powerpoint\/"]}]},{"@type":"BreadcrumbList","@id":"https:\/\/lecliccommunicatif.fr\/index.php\/2023\/03\/09\/powerpoint\/#breadcrumb","itemListElement":[{"@type":"ListItem","position":1,"name":"Accueil","item":"https:\/\/lecliccommunicatif.fr\/"},{"@type":"ListItem","position":2,"name":"Powerpoint"}]},{"@type":"WebSite","@id":"https:\/\/lecliccommunicatif.fr\/#website","url":"https:\/\/lecliccommunicatif.fr\/","name":"Le Clic Communicatif","description":"Formations informatiques et bureautiques","potentialAction":[{"@type":"SearchAction","target":{"@type":"EntryPoint","urlTemplate":"https:\/\/lecliccommunicatif.fr\/?s={search_term_string}"},"query-input":"required name=search_term_string"}],"inLanguage":"fr-FR"},{"@type":"Person","@id":"https:\/\/lecliccommunicatif.fr\/#\/schema\/person\/59957f7fcfb1572c9e1ab95fd13f7a13","name":"Sandrine","image":{"@type":"ImageObject","inLanguage":"fr-FR","@id":"https:\/\/lecliccommunicatif.fr\/#\/schema\/person\/image\/","url":"https:\/\/secure.gravatar.com\/avatar\/10ed1ef87cb11f697382e31848823c39fc3efeafaedba8284bfee40101d4b025?s=96&d=mm&r=g","contentUrl":"https:\/\/secure.gravatar.com\/avatar\/10ed1ef87cb11f697382e31848823c39fc3efeafaedba8284bfee40101d4b025?s=96&d=mm&r=g","caption":"Sandrine"},"sameAs":["http:\/\/lecliccommunicatif.fr"],"url":"https:\/\/lecliccommunicatif.fr\/index.php\/author\/sandrine\/"}]}},"_links":{"self":[{"href":"https:\/\/lecliccommunicatif.fr\/index.php\/wp-json\/wp\/v2\/posts\/105","targetHints":{"allow":["GET"]}}],"collection":[{"href":"https:\/\/lecliccommunicatif.fr\/index.php\/wp-json\/wp\/v2\/posts"}],"about":[{"href":"https:\/\/lecliccommunicatif.fr\/index.php\/wp-json\/wp\/v2\/types\/post"}],"author":[{"embeddable":true,"href":"https:\/\/lecliccommunicatif.fr\/index.php\/wp-json\/wp\/v2\/users\/1"}],"replies":[{"embeddable":true,"href":"https:\/\/lecliccommunicatif.fr\/index.php\/wp-json\/wp\/v2\/comments?post=105"}],"version-history":[{"count":12,"href":"https:\/\/lecliccommunicatif.fr\/index.php\/wp-json\/wp\/v2\/posts\/105\/revisions"}],"predecessor-version":[{"id":537,"href":"https:\/\/lecliccommunicatif.fr\/index.php\/wp-json\/wp\/v2\/posts\/105\/revisions\/537"}],"wp:featuredmedia":[{"embeddable":true,"href":"https:\/\/lecliccommunicatif.fr\/index.php\/wp-json\/wp\/v2\/media\/251"}],"wp:attachment":[{"href":"https:\/\/lecliccommunicatif.fr\/index.php\/wp-json\/wp\/v2\/media?parent=105"}],"wp:term":[{"taxonomy":"category","embeddable":true,"href":"https:\/\/lecliccommunicatif.fr\/index.php\/wp-json\/wp\/v2\/categories?post=105"},{"taxonomy":"post_tag","embeddable":true,"href":"https:\/\/lecliccommunicatif.fr\/index.php\/wp-json\/wp\/v2\/tags?post=105"}],"curies":[{"name":"wp","href":"https:\/\/api.w.org\/{rel}","templated":true}]}}