{"id":107,"date":"2023-03-09T14:32:43","date_gmt":"2023-03-09T13:32:43","guid":{"rendered":"https:\/\/lecliccommunicatif.fr\/?p=107"},"modified":"2025-04-26T14:17:52","modified_gmt":"2025-04-26T12:17:52","slug":"outlook","status":"publish","type":"post","link":"https:\/\/lecliccommunicatif.fr\/index.php\/2023\/03\/09\/outlook\/","title":{"rendered":"Outlook"},"content":{"rendered":"<p>Les e-mails s&#8217;accumulent dans votre boite de r\u00e9ception, votre agenda papier perd ses feuilles&#8230; Et si vous d\u00e9couvriez le logiciel Outlook ? Avec Outlook vous apprendrez \u00e0 organiser votre boite mail, \u00e0 automatiser les r\u00e9ponses, \u00e0 g\u00e9rer votre agenda et ceux de vos collaborateurs&#8230; La formation Outlook se d\u00e9roule sur 1 journ\u00e9e.<\/p>\n<h1 style=\"color: #041689; text-align: center;\"><img loading=\"lazy\" decoding=\"async\" class=\"wp-image-486 alignleft\" src=\"https:\/\/lecliccommunicatif.fr\/wp-content\/uploads\/2023\/03\/Image5-1-e1695741457931-300x200.png\" alt=\"\" width=\"75\" height=\"50\" srcset=\"https:\/\/lecliccommunicatif.fr\/wp-content\/uploads\/2023\/03\/Image5-1-e1695741457931-300x200.png 300w, https:\/\/lecliccommunicatif.fr\/wp-content\/uploads\/2023\/03\/Image5-1-e1695741457931.png 381w\" sizes=\"auto, (max-width: 75px) 100vw, 75px\" \/><\/h1>\n<h1 style=\"color: #041689; text-align: center;\">G\u00e9rer ses mails et organiser son temps avec Outlook<img loading=\"lazy\" decoding=\"async\" class=\"alignright wp-image-530 size-large\" src=\"https:\/\/lecliccommunicatif.fr\/wp-content\/uploads\/2023\/03\/06-336x1024.jpg\" alt=\"\" width=\"336\" height=\"1024\" srcset=\"https:\/\/lecliccommunicatif.fr\/wp-content\/uploads\/2023\/03\/06-336x1024.jpg 336w, https:\/\/lecliccommunicatif.fr\/wp-content\/uploads\/2023\/03\/06-98x300.jpg 98w, https:\/\/lecliccommunicatif.fr\/wp-content\/uploads\/2023\/03\/06-768x2341.jpg 768w, https:\/\/lecliccommunicatif.fr\/wp-content\/uploads\/2023\/03\/06-504x1536.jpg 504w, https:\/\/lecliccommunicatif.fr\/wp-content\/uploads\/2023\/03\/06-672x2048.jpg 672w, https:\/\/lecliccommunicatif.fr\/wp-content\/uploads\/2023\/03\/06-600x1829.jpg 600w, https:\/\/lecliccommunicatif.fr\/wp-content\/uploads\/2023\/03\/06-scaled.jpg 840w\" sizes=\"auto, (max-width: 336px) 100vw, 336px\" \/><\/h1>\n<h4 style=\"color: #579cff; text-align: left;\">Objectif de la formation :<\/h4>\n<p>Ma\u00eetriser les bases du logiciel Outlook.<\/p>\n<h4 style=\"color: #579cff; text-align: left;\">Objectifs p\u00e9dagogiques\u00a0:<\/h4>\n<ul>\n<li>S\u2019approprier l\u2019interface<\/li>\n<li>Envoyer, Lire, Transf\u00e9rer un e-mail<\/li>\n<li>Organiser sa boite mail<\/li>\n<li>Utiliser les r\u00e8gles et les alertes<\/li>\n<li>Cr\u00e9er, Modifier, exporter des contacts<\/li>\n<li>Inscrire des \u00e9v\u00e8nements sur l\u2019Agenda<\/li>\n<li>Partager son agenda<\/li>\n<li>G\u00e9rer les taches<\/li>\n<\/ul>\n<h4 style=\"color: #579cff; text-align: left;\">Profil de l\u2019intervenant\u00a0:<\/h4>\n<p>L\u2019intervenante justifie de 4 ans d\u2019exp\u00e9rience en tant que Formatrice Multim\u00e9dia. Son objectif est de vous faire gagner du temps gr\u00e2ce \u00e0 une utilisation optimale des logiciels informatiques.<\/p>\n<h4 style=\"color: #579cff; text-align: left;\">M\u00e9thodes p\u00e9dagogiques\u00a0:<\/h4>\n<ul>\n<li>Approche th\u00e9orique compl\u00e9t\u00e9e par des exercices et des cas concrets amen\u00e9s par la formatrice ou rencontr\u00e9s par les stagiaires<\/li>\n<li>Livret remis aux stagiaires<\/li>\n<\/ul>\n<h4 style=\"color: #579cff; text-align: left;\"><strong>Evaluation globale de la formation par nos stagiaires<\/strong> : cette formation n&#8217;a pas re\u00e7u d&#8217;\u00e9valuation<\/h4>\n<p>&nbsp;<\/p>\n<p>&nbsp;<\/p>\n<h4 style=\"color: #579cff; text-align: left;\">Programme :<\/h4>\n<table style=\"height: 54px;\" width=\"761\">\n<tbody>\n<tr>\n<td width=\"302\">\n<p style=\"color: #041689;\">1\/ Diff\u00e9rence entre Outlook 365<br \/>\n<strong>et Outlook 2021<\/strong><\/p>\n<p style=\"color: #041689;\">2\/ Pr\u00e9sentation d\u2019Outlook<\/p>\n<p style=\"color: #041689;\">3\/ Cr\u00e9er et g\u00e9rer les contacts<\/p>\n<ul>\n<li>Cr\u00e9er un contact<\/li>\n<li>Cr\u00e9er une liste de diffusion<\/li>\n<li>Transf\u00e9rer un contact<\/li>\n<li>Transf\u00e9rer une liste de diffusion<\/li>\n<li>Rechercher un contact<\/li>\n<li>Uniformiser la pr\u00e9sentation des contacts<\/li>\n<li>Cr\u00e9er des dossiers et organiser les contacts<\/li>\n<\/ul>\n<p>&nbsp;<\/p>\n<p style=\"color: #041689;\">4\/ Cr\u00e9er un e-mail et mettre en forme le texte<\/p>\n<ul>\n<li>Comment cr\u00e9er un nouveau message ?<\/li>\n<li>Dicter vos e-mails<\/li>\n<li>Quels \u00e9l\u00e9ments peuvent figurer dans le mail\u00a0?<\/li>\n<li>Mettre en forme le texte du mail<\/li>\n<\/ul>\n<p>&nbsp;<\/p>\n<p style=\"color: #041689;\">5\/ D\u00e9finir la couleur de fond du message<\/p>\n<p style=\"color: #041689;\">6\/ Ins\u00e9rer des \u00e9l\u00e9ments dans un e-mail<\/p>\n<p style=\"color: #041689;\">7\/ Ins\u00e9rer une pi\u00e8ce jointe<\/p>\n<p style=\"color: #041689;\">8\/ Envoyer une copie ou une copie masqu\u00e9e<\/p>\n<p style=\"color: #041689;\">9\/ Param\u00e9trer une signature \u00e9lectronique<\/p>\n<p style=\"color: #041689;\">10\/ Le papier \u00e0 lettre<\/p>\n<p style=\"color: #041689;\">11\/ D\u00e9finir les messages par d\u00e9faut<\/p>\n<p style=\"color: #041689;\">12\/ Les mod\u00e8les de message<\/p>\n<p style=\"color: #041689;\">13\/ Les options disponibles<\/p>\n<p style=\"color: #041689;\">14\/ Marquer le message pour le suivi<\/p>\n<p style=\"color: #041689;\">15\/ Les r\u00e9ponses automatiques d\u2019absence<\/p>\n<ul>\n<li>Configurer une r\u00e9ponse automatique<\/li>\n<li>D\u00e9sactiver des r\u00e9ponses d\u2019absence du bureau<\/li>\n<li>Utiliser des r\u00e8gles pour cr\u00e9er un message d\u2019absence du bureau<\/li>\n<li>Cr\u00e9er un mod\u00e8le d\u2019absence du bureau<\/li>\n<li>Cr\u00e9er une r\u00e8gle d\u2019absence du bureau<\/li>\n<\/ul>\n<\/td>\n<td width=\"302\">\n<p style=\"color: #041689;\">16\/ Organiser sa bo\u00eete mail<\/p>\n<ul>\n<li>Message lu non lu<\/li>\n<li>Le volet d\u2019affichage<\/li>\n<li>Transf\u00e9rer un mail<\/li>\n<li>R\u00e9pondre \u00e0 un message re\u00e7u<\/li>\n<li>Enregistrer et imprimer un message<\/li>\n<li>Enregistrer les pi\u00e8ces jointes<\/li>\n<li>Trier les mails<\/li>\n<li>Ajouter un suivi<\/li>\n<li>Effectuer une recherche<\/li>\n<li>Organiser sa bo\u00eete de r\u00e9ception en plusieurs dossiers<\/li>\n<li>D\u00e9placer un mail re\u00e7u vers un dossier<\/li>\n<li>Les r\u00e8gles<\/li>\n<li>Les actions rapides<\/li>\n<\/ul>\n<p style=\"color: #041689;\">17\/ Archiver les \u00e9l\u00e9ments<\/p>\n<ul>\n<li>Cr\u00e9er le dossier archive<\/li>\n<li>D\u00e9placer vers le dossier archive<\/li>\n<li>Archiver automatiquement<\/li>\n<\/ul>\n<p style=\"color: #041689;\">18\/Utiliser l&#8217;agenda Outlook<\/p>\n<ul>\n<li>Les diff\u00e9rents modes d\u2019affichage du calendrier<\/li>\n<li>R\u00e9gler les param\u00e8tres du calendrier<\/li>\n<li>Ajouter un rendez-vous<\/li>\n<li>Prolonger un \u00e9v\u00e8nement sur plusieurs jours<\/li>\n<li>Inviter des contacts \u00e0 une r\u00e9union<\/li>\n<li>Modifier un rendez-vous ou une r\u00e9union<\/li>\n<li>Accepter une r\u00e9union<\/li>\n<li>Transf\u00e9rer une r\u00e9union<\/li>\n<li>Appliquer un format conditionnel aux rendez-vous et r\u00e9unions<\/li>\n<li>Imprimer le calendrier<\/li>\n<li>Envoyer le calendrier par e-mail<\/li>\n<li>Partager le calendrier<\/li>\n<li>Cr\u00e9er une tache<\/li>\n<li>Affecter une tache<\/li>\n<li>Marquer une tache comme termin\u00e9<\/li>\n<li>Supprimer une tache<\/li>\n<li>Transf\u00e9rer une tache<\/li>\n<li>Programmer un rappel<\/li>\n<li>Classer une tache<\/li>\n<\/ul>\n<p style=\"color: #041689;\">19\/Se connecter \u00e0 Outlook sur le web<\/p>\n<\/td>\n<\/tr>\n<\/tbody>\n<\/table>\n<p><a href=\"https:\/\/lecliccommunicatif.fr\/wp-content\/uploads\/2025\/04\/b006_ficheproduitoutlook_v2.pdf\" target=\"_blank\" rel=\"noopener\"><img loading=\"lazy\" decoding=\"async\" class=\"aligncenter wp-image-201 size-full\" src=\"https:\/\/lecliccommunicatif.fr\/wp-content\/uploads\/2023\/03\/bouton_telecharger.jpg\" alt=\"\" width=\"200\" height=\"48\" \/><\/a><\/p>\n","protected":false},"excerpt":{"rendered":"<p>Les e-mails s&#8217;accumulent dans votre boite de r\u00e9ception, votre agenda papier perd ses feuilles&#8230; Et si vous d\u00e9couvriez le logiciel Outlook ? Avec Outlook vous apprendrez \u00e0 organiser votre boite mail, \u00e0 automatiser les r\u00e9ponses, \u00e0 g\u00e9rer votre agenda et ceux de vos collaborateurs&#8230; La formation Outlook se d\u00e9roule sur 1 journ\u00e9e. G\u00e9rer ses mails&hellip;&nbsp;<a href=\"https:\/\/lecliccommunicatif.fr\/index.php\/2023\/03\/09\/outlook\/\" class=\"\" rel=\"bookmark\">Lire la suite &raquo;<span class=\"screen-reader-text\">Outlook<\/span><\/a><\/p>\n","protected":false},"author":1,"featured_media":257,"comment_status":"open","ping_status":"open","sticky":false,"template":"","format":"standard","meta":{"neve_meta_sidebar":"","neve_meta_container":"","neve_meta_enable_content_width":"off","neve_meta_content_width":70,"neve_meta_title_alignment":"","neve_meta_author_avatar":"","neve_post_elements_order":"","neve_meta_disable_header":"","neve_meta_disable_footer":"","neve_meta_disable_title":"","footnotes":""},"categories":[4],"tags":[],"class_list":["post-107","post","type-post","status-publish","format-standard","has-post-thumbnail","hentry","category-formations-bureautiques"],"yoast_head":"<!-- This site is optimized with the Yoast SEO plugin v21.2 - https:\/\/yoast.com\/wordpress\/plugins\/seo\/ -->\n<title>Outlook - Le Clic Communicatif<\/title>\n<meta name=\"description\" content=\"Avec Outlook vous apprendrez \u00e0 organiser votre boite mail, \u00e0 automatiser les r\u00e9ponses, \u00e0 g\u00e9rer votre agenda et ceux de vos collaborateurs.\" \/>\n<meta name=\"robots\" content=\"index, follow, max-snippet:-1, max-image-preview:large, max-video-preview:-1\" \/>\n<link rel=\"canonical\" href=\"https:\/\/lecliccommunicatif.fr\/index.php\/2023\/03\/09\/outlook\/\" \/>\n<meta property=\"og:locale\" content=\"fr_FR\" \/>\n<meta property=\"og:type\" content=\"article\" \/>\n<meta property=\"og:title\" content=\"Outlook - Le Clic Communicatif\" \/>\n<meta property=\"og:description\" content=\"Avec Outlook vous apprendrez \u00e0 organiser votre boite mail, \u00e0 automatiser les r\u00e9ponses, \u00e0 g\u00e9rer votre agenda et ceux de vos collaborateurs.\" \/>\n<meta property=\"og:url\" content=\"https:\/\/lecliccommunicatif.fr\/index.php\/2023\/03\/09\/outlook\/\" \/>\n<meta property=\"og:site_name\" content=\"Le Clic Communicatif\" \/>\n<meta property=\"article:publisher\" content=\"https:\/\/www.facebook.com\/LeClicCommunicatif\" \/>\n<meta property=\"article:published_time\" content=\"2023-03-09T13:32:43+00:00\" \/>\n<meta property=\"article:modified_time\" content=\"2025-04-26T12:17:52+00:00\" \/>\n<meta property=\"og:image\" content=\"https:\/\/lecliccommunicatif.fr\/wp-content\/uploads\/2023\/03\/9.jpg\" \/>\n\t<meta property=\"og:image:width\" content=\"1500\" \/>\n\t<meta property=\"og:image:height\" content=\"500\" \/>\n\t<meta property=\"og:image:type\" content=\"image\/jpeg\" \/>\n<meta name=\"author\" content=\"Sandrine\" \/>\n<meta name=\"twitter:card\" content=\"summary_large_image\" \/>\n<meta name=\"twitter:label1\" content=\"\u00c9crit par\" \/>\n\t<meta name=\"twitter:data1\" content=\"Sandrine\" \/>\n\t<meta name=\"twitter:label2\" content=\"Dur\u00e9e de lecture estim\u00e9e\" \/>\n\t<meta name=\"twitter:data2\" content=\"4 minutes\" \/>\n<script type=\"application\/ld+json\" class=\"yoast-schema-graph\">{\"@context\":\"https:\/\/schema.org\",\"@graph\":[{\"@type\":\"WebPage\",\"@id\":\"https:\/\/lecliccommunicatif.fr\/index.php\/2023\/03\/09\/outlook\/\",\"url\":\"https:\/\/lecliccommunicatif.fr\/index.php\/2023\/03\/09\/outlook\/\",\"name\":\"Outlook - Le Clic Communicatif\",\"isPartOf\":{\"@id\":\"https:\/\/lecliccommunicatif.fr\/#website\"},\"datePublished\":\"2023-03-09T13:32:43+00:00\",\"dateModified\":\"2025-04-26T12:17:52+00:00\",\"author\":{\"@id\":\"https:\/\/lecliccommunicatif.fr\/#\/schema\/person\/59957f7fcfb1572c9e1ab95fd13f7a13\"},\"description\":\"Avec Outlook vous apprendrez \u00e0 organiser votre boite mail, \u00e0 automatiser les r\u00e9ponses, \u00e0 g\u00e9rer votre agenda et ceux de vos collaborateurs.\",\"breadcrumb\":{\"@id\":\"https:\/\/lecliccommunicatif.fr\/index.php\/2023\/03\/09\/outlook\/#breadcrumb\"},\"inLanguage\":\"fr-FR\",\"potentialAction\":[{\"@type\":\"ReadAction\",\"target\":[\"https:\/\/lecliccommunicatif.fr\/index.php\/2023\/03\/09\/outlook\/\"]}]},{\"@type\":\"BreadcrumbList\",\"@id\":\"https:\/\/lecliccommunicatif.fr\/index.php\/2023\/03\/09\/outlook\/#breadcrumb\",\"itemListElement\":[{\"@type\":\"ListItem\",\"position\":1,\"name\":\"Accueil\",\"item\":\"https:\/\/lecliccommunicatif.fr\/\"},{\"@type\":\"ListItem\",\"position\":2,\"name\":\"Outlook\"}]},{\"@type\":\"WebSite\",\"@id\":\"https:\/\/lecliccommunicatif.fr\/#website\",\"url\":\"https:\/\/lecliccommunicatif.fr\/\",\"name\":\"Le Clic Communicatif\",\"description\":\"Formations informatiques et bureautiques\",\"potentialAction\":[{\"@type\":\"SearchAction\",\"target\":{\"@type\":\"EntryPoint\",\"urlTemplate\":\"https:\/\/lecliccommunicatif.fr\/?s={search_term_string}\"},\"query-input\":\"required name=search_term_string\"}],\"inLanguage\":\"fr-FR\"},{\"@type\":\"Person\",\"@id\":\"https:\/\/lecliccommunicatif.fr\/#\/schema\/person\/59957f7fcfb1572c9e1ab95fd13f7a13\",\"name\":\"Sandrine\",\"image\":{\"@type\":\"ImageObject\",\"inLanguage\":\"fr-FR\",\"@id\":\"https:\/\/lecliccommunicatif.fr\/#\/schema\/person\/image\/\",\"url\":\"https:\/\/secure.gravatar.com\/avatar\/10ed1ef87cb11f697382e31848823c39fc3efeafaedba8284bfee40101d4b025?s=96&d=mm&r=g\",\"contentUrl\":\"https:\/\/secure.gravatar.com\/avatar\/10ed1ef87cb11f697382e31848823c39fc3efeafaedba8284bfee40101d4b025?s=96&d=mm&r=g\",\"caption\":\"Sandrine\"},\"sameAs\":[\"http:\/\/lecliccommunicatif.fr\"],\"url\":\"https:\/\/lecliccommunicatif.fr\/index.php\/author\/sandrine\/\"}]}<\/script>\n<!-- \/ Yoast SEO plugin. -->","yoast_head_json":{"title":"Outlook - Le Clic Communicatif","description":"Avec Outlook vous apprendrez \u00e0 organiser votre boite mail, \u00e0 automatiser les r\u00e9ponses, \u00e0 g\u00e9rer votre agenda et ceux de vos collaborateurs.","robots":{"index":"index","follow":"follow","max-snippet":"max-snippet:-1","max-image-preview":"max-image-preview:large","max-video-preview":"max-video-preview:-1"},"canonical":"https:\/\/lecliccommunicatif.fr\/index.php\/2023\/03\/09\/outlook\/","og_locale":"fr_FR","og_type":"article","og_title":"Outlook - Le Clic Communicatif","og_description":"Avec Outlook vous apprendrez \u00e0 organiser votre boite mail, \u00e0 automatiser les r\u00e9ponses, \u00e0 g\u00e9rer votre agenda et ceux de vos collaborateurs.","og_url":"https:\/\/lecliccommunicatif.fr\/index.php\/2023\/03\/09\/outlook\/","og_site_name":"Le Clic Communicatif","article_publisher":"https:\/\/www.facebook.com\/LeClicCommunicatif","article_published_time":"2023-03-09T13:32:43+00:00","article_modified_time":"2025-04-26T12:17:52+00:00","og_image":[{"width":1500,"height":500,"url":"https:\/\/lecliccommunicatif.fr\/wp-content\/uploads\/2023\/03\/9.jpg","type":"image\/jpeg"}],"author":"Sandrine","twitter_card":"summary_large_image","twitter_misc":{"\u00c9crit par":"Sandrine","Dur\u00e9e de lecture estim\u00e9e":"4 minutes"},"schema":{"@context":"https:\/\/schema.org","@graph":[{"@type":"WebPage","@id":"https:\/\/lecliccommunicatif.fr\/index.php\/2023\/03\/09\/outlook\/","url":"https:\/\/lecliccommunicatif.fr\/index.php\/2023\/03\/09\/outlook\/","name":"Outlook - Le Clic Communicatif","isPartOf":{"@id":"https:\/\/lecliccommunicatif.fr\/#website"},"datePublished":"2023-03-09T13:32:43+00:00","dateModified":"2025-04-26T12:17:52+00:00","author":{"@id":"https:\/\/lecliccommunicatif.fr\/#\/schema\/person\/59957f7fcfb1572c9e1ab95fd13f7a13"},"description":"Avec Outlook vous apprendrez \u00e0 organiser votre boite mail, \u00e0 automatiser les r\u00e9ponses, \u00e0 g\u00e9rer votre agenda et ceux de vos collaborateurs.","breadcrumb":{"@id":"https:\/\/lecliccommunicatif.fr\/index.php\/2023\/03\/09\/outlook\/#breadcrumb"},"inLanguage":"fr-FR","potentialAction":[{"@type":"ReadAction","target":["https:\/\/lecliccommunicatif.fr\/index.php\/2023\/03\/09\/outlook\/"]}]},{"@type":"BreadcrumbList","@id":"https:\/\/lecliccommunicatif.fr\/index.php\/2023\/03\/09\/outlook\/#breadcrumb","itemListElement":[{"@type":"ListItem","position":1,"name":"Accueil","item":"https:\/\/lecliccommunicatif.fr\/"},{"@type":"ListItem","position":2,"name":"Outlook"}]},{"@type":"WebSite","@id":"https:\/\/lecliccommunicatif.fr\/#website","url":"https:\/\/lecliccommunicatif.fr\/","name":"Le Clic Communicatif","description":"Formations informatiques et bureautiques","potentialAction":[{"@type":"SearchAction","target":{"@type":"EntryPoint","urlTemplate":"https:\/\/lecliccommunicatif.fr\/?s={search_term_string}"},"query-input":"required name=search_term_string"}],"inLanguage":"fr-FR"},{"@type":"Person","@id":"https:\/\/lecliccommunicatif.fr\/#\/schema\/person\/59957f7fcfb1572c9e1ab95fd13f7a13","name":"Sandrine","image":{"@type":"ImageObject","inLanguage":"fr-FR","@id":"https:\/\/lecliccommunicatif.fr\/#\/schema\/person\/image\/","url":"https:\/\/secure.gravatar.com\/avatar\/10ed1ef87cb11f697382e31848823c39fc3efeafaedba8284bfee40101d4b025?s=96&d=mm&r=g","contentUrl":"https:\/\/secure.gravatar.com\/avatar\/10ed1ef87cb11f697382e31848823c39fc3efeafaedba8284bfee40101d4b025?s=96&d=mm&r=g","caption":"Sandrine"},"sameAs":["http:\/\/lecliccommunicatif.fr"],"url":"https:\/\/lecliccommunicatif.fr\/index.php\/author\/sandrine\/"}]}},"_links":{"self":[{"href":"https:\/\/lecliccommunicatif.fr\/index.php\/wp-json\/wp\/v2\/posts\/107","targetHints":{"allow":["GET"]}}],"collection":[{"href":"https:\/\/lecliccommunicatif.fr\/index.php\/wp-json\/wp\/v2\/posts"}],"about":[{"href":"https:\/\/lecliccommunicatif.fr\/index.php\/wp-json\/wp\/v2\/types\/post"}],"author":[{"embeddable":true,"href":"https:\/\/lecliccommunicatif.fr\/index.php\/wp-json\/wp\/v2\/users\/1"}],"replies":[{"embeddable":true,"href":"https:\/\/lecliccommunicatif.fr\/index.php\/wp-json\/wp\/v2\/comments?post=107"}],"version-history":[{"count":16,"href":"https:\/\/lecliccommunicatif.fr\/index.php\/wp-json\/wp\/v2\/posts\/107\/revisions"}],"predecessor-version":[{"id":533,"href":"https:\/\/lecliccommunicatif.fr\/index.php\/wp-json\/wp\/v2\/posts\/107\/revisions\/533"}],"wp:featuredmedia":[{"embeddable":true,"href":"https:\/\/lecliccommunicatif.fr\/index.php\/wp-json\/wp\/v2\/media\/257"}],"wp:attachment":[{"href":"https:\/\/lecliccommunicatif.fr\/index.php\/wp-json\/wp\/v2\/media?parent=107"}],"wp:term":[{"taxonomy":"category","embeddable":true,"href":"https:\/\/lecliccommunicatif.fr\/index.php\/wp-json\/wp\/v2\/categories?post=107"},{"taxonomy":"post_tag","embeddable":true,"href":"https:\/\/lecliccommunicatif.fr\/index.php\/wp-json\/wp\/v2\/tags?post=107"}],"curies":[{"name":"wp","href":"https:\/\/api.w.org\/{rel}","templated":true}]}}